{"id":6249,"date":"2023-10-21T14:29:12","date_gmt":"2023-10-21T14:29:12","guid":{"rendered":"https:\/\/bauenwohnenlifestyle.de\/de\/?p=6249"},"modified":"2023-10-21T14:29:21","modified_gmt":"2023-10-21T14:29:21","slug":"holstebro-2019-8","status":"publish","type":"post","link":"http:\/\/bauenwohnenlifestyle.de\/en\/holstebro-2019-8\/","title":{"rendered":"\u00dcBERDACHUNGEN AUS GLAS UND ALUMINIUM"},"content":{"rendered":"<p class=\"qtranxs-available-languages-message qtranxs-available-languages-message-en\">Sorry, this entry is only available in <a href=\"http:\/\/bauenwohnenlifestyle.de\/de\/wp-json\/wp\/v2\/posts\/6249\" class=\"qtranxs-available-language-link qtranxs-available-language-link-de\" title=\"DE\">DE<\/a>. For the sake of viewer convenience, the content is shown below in the alternative language. You may click the link to switch the active language.<\/p><p><\/p>\n<p style=\"font-weight: 400;\"><img loading=\"lazy\" decoding=\"async\" class=\"alignnone wp-image-6250 size-full\" src=\"https:\/\/bauenwohnenlifestyle.de\/wp-content\/uploads\/sites\/7\/2023\/10\/BWL-Messe-wintergarten1.jpg\" alt=\"\" width=\"600\" height=\"400\" srcset=\"https:\/\/bauenwohnenlifestyle.de\/wp-content\/uploads\/sites\/7\/2023\/10\/BWL-Messe-wintergarten1.jpg 600w, https:\/\/bauenwohnenlifestyle.de\/wp-content\/uploads\/sites\/7\/2023\/10\/BWL-Messe-wintergarten1-300x200.jpg 300w, https:\/\/bauenwohnenlifestyle.de\/wp-content\/uploads\/sites\/7\/2023\/10\/BWL-Messe-wintergarten1-280x187.jpg 280w, https:\/\/bauenwohnenlifestyle.de\/wp-content\/uploads\/sites\/7\/2023\/10\/BWL-Messe-wintergarten1-110x73.jpg 110w, https:\/\/bauenwohnenlifestyle.de\/wp-content\/uploads\/sites\/7\/2023\/10\/BWL-Messe-wintergarten1-210x140.jpg 210w\" sizes=\"auto, (max-width: 600px) 100vw, 600px\" \/><\/p>\n<p style=\"font-weight: 400;\">Mit einer sch\u00f6nen Terrassen\u00fcberdachung auf Ma\u00df mehr Komfort das ganze Jahr hindurch genie\u00dfen!<\/p>\n<p style=\"font-weight: 400;\">Fr\u00fchjahr, Sommer, Herbst und Winter \u2013 eine passgenaue \u00dcberdachung f\u00fcr Ihre Terrasse erh\u00f6ht Ihre Wohnqualit\u00e4t zu jeder Jahreszeit. Genie\u00dfen Sie die ersten w\u00e4rmenden Strahlen der Fr\u00fchjahrssonne gut gesch\u00fctzt unter Ihrem Terrassendach.<\/p>\n<p>Im Sommer wird der Platz schnell zum Lieblingsort zu jeder Tageszeit \u2013 Fr\u00fchst\u00fcck mit der Familie, ein Mittagsschl\u00e4fchen zur Erholung, Kaffeekr\u00e4nzchen mit den Nachbarn am Nachmittag oder kurzweilige Stunden mit Freunden am Abend \u2013 Sie sind gut gesch\u00fctzt unter Ihrem Glasterrassendach und k\u00f6nnen so die Zeit im Freien von fr\u00fch bis sp\u00e4t genie\u00dfen. Und anders, als bei einer \u00dcberdachung aus Kunststoff bleibt der freie Blick beim gl\u00e4sernen Dach erhalten.<\/p>\n<p><span style=\"font-weight: 400;\">Das werden Sie auch im Herbst sch\u00e4tzen, wenn das Vorbeiziehen m\u00e4chtiger Wolkenberge oder das Farbenspiel der fallenden Bl\u00e4tter durch das Glas zu beobachten sind. Selbst ein kleiner Regenschauer kann Ihnen das Freiluftgef\u00fchl nicht vermiesen, und das l\u00e4stige Polstereinpacken und M\u00f6bel- Ein- und Ausr\u00e4umen geh\u00f6rt mit Ihrem stilvollen Wetterschutz auf der Terrasse endlich der Vergangenheit an. Mit einer \u00dcberdachung aus Glas wird der \u00dcbergang von drinnen nach drau\u00dfen flie\u00dfend.<\/span><\/p>\n<p>F\u00fcr weiter Info finden\u00a0 Sie Die Firma Optimal Bautechnik auf Stand nr.58<\/p>","protected":false},"excerpt":{"rendered":"<p>Sorry, this entry is only available in DE. For the sake of viewer convenience, the content is shown below in the alternative language. You may click the link to switch the active language. Mit einer sch\u00f6nen Terrassen\u00fcberdachung auf Ma\u00df mehr Komfort das ganze Jahr hindurch genie\u00dfen! Fr\u00fchjahr, Sommer, Herbst und Winter \u2013 eine passgenaue \u00dcberdachung &hellip; <a href=\"http:\/\/bauenwohnenlifestyle.de\/en\/holstebro-2019-8\/\" class=\"more-link\">Continue reading <span class=\"screen-reader-text\">\u00dcBERDACHUNGEN AUS GLAS UND ALUMINIUM<\/span><\/a><\/p>\n","protected":false},"author":460007,"featured_media":6250,"comment_status":"closed","ping_status":"closed","sticky":false,"template":"","format":"standard","meta":{"inline_featured_image":false,"_exactmetrics_skip_tracking":false,"_exactmetrics_sitenote_active":false,"_exactmetrics_sitenote_note":"","_exactmetrics_sitenote_category":0,"footnotes":""},"categories":[17,19,1],"tags":[],"class_list":["post-6249","post","type-post","status-publish","format-standard","has-post-thumbnail","hentry","category-home","category-pre-fairs","category-uncategorized"],"acf":[],"_links":{"self":[{"href":"http:\/\/bauenwohnenlifestyle.de\/en\/wp-json\/wp\/v2\/posts\/6249","targetHints":{"allow":["GET"]}}],"collection":[{"href":"http:\/\/bauenwohnenlifestyle.de\/en\/wp-json\/wp\/v2\/posts"}],"about":[{"href":"http:\/\/bauenwohnenlifestyle.de\/en\/wp-json\/wp\/v2\/types\/post"}],"author":[{"embeddable":true,"href":"http:\/\/bauenwohnenlifestyle.de\/en\/wp-json\/wp\/v2\/users\/460007"}],"replies":[{"embeddable":true,"href":"http:\/\/bauenwohnenlifestyle.de\/en\/wp-json\/wp\/v2\/comments?post=6249"}],"version-history":[{"count":2,"href":"http:\/\/bauenwohnenlifestyle.de\/en\/wp-json\/wp\/v2\/posts\/6249\/revisions"}],"predecessor-version":[{"id":6252,"href":"http:\/\/bauenwohnenlifestyle.de\/en\/wp-json\/wp\/v2\/posts\/6249\/revisions\/6252"}],"wp:featuredmedia":[{"embeddable":true,"href":"http:\/\/bauenwohnenlifestyle.de\/en\/wp-json\/wp\/v2\/media\/6250"}],"wp:attachment":[{"href":"http:\/\/bauenwohnenlifestyle.de\/en\/wp-json\/wp\/v2\/media?parent=6249"}],"wp:term":[{"taxonomy":"category","embeddable":true,"href":"http:\/\/bauenwohnenlifestyle.de\/en\/wp-json\/wp\/v2\/categories?post=6249"},{"taxonomy":"post_tag","embeddable":true,"href":"http:\/\/bauenwohnenlifestyle.de\/en\/wp-json\/wp\/v2\/tags?post=6249"}],"curies":[{"name":"wp","href":"https:\/\/api.w.org\/{rel}","templated":true}]}}